{"id":19471,"date":"2019-01-24T13:59:27","date_gmt":"2019-01-24T12:59:27","guid":{"rendered":"https:\/\/finzipasca.com\/?p=19471"},"modified":"2019-01-24T13:59:27","modified_gmt":"2019-01-24T12:59:27","slug":"corteo-e-luzia-per-il-cirque-du-soleil-il-viaggio-continua","status":"publish","type":"post","link":"https:\/\/finzipasca.com\/it\/2019\/01\/corteo-e-luzia-per-il-cirque-du-soleil-il-viaggio-continua\/","title":{"rendered":"Corteo e Luzia per il Cirque du Soleil: il viaggio continua"},"content":{"rendered":"<p><strong>Lo spettacolo\u00a0<\/strong><a href=\"https:\/\/finzipasca.com\/it\/creations\/corteo\/\" target=\"_blank\" rel=\"noopener\"><em>Corteo<\/em><\/a>, scritto e diretto da Daniele Finzi Pasca<em>,\u00a0<\/em><strong>ha concluso il 2018 a\u00a0Montr\u00e9al<\/strong>, citt\u00e0 in cui aveva esordito nel lontano 2005. Nei prossimi mesi <strong>la tourn\u00e9e proseguir\u00e0 negli Stati Uniti per raggiungere poi l\u2019Europa<\/strong>, <strong>il prossimo 26 settembre a Torino<\/strong>. Lo spettacolo sar\u00e0 presentato inizialmente <strong>in Italia<\/strong>, <strong>Germania<\/strong> e <strong>Spagna<\/strong>.<\/p>\n<p><strong>Tourn\u00e9e nord-americana anche per\u00a0<a href=\"https:\/\/finzipasca.com\/it\/creations\/luzia\/\" target=\"_blank\" rel=\"noopener\"><em>Luzia<\/em><\/a><\/strong>, diretto da Daniele Finzi Pasca e scritto insieme a Julie Hamelin Finzi: <strong>Houston e Orlando le prime tappe del 2019<\/strong>.<\/p>\n<p>&nbsp;<\/p>\n<p>&nbsp;<\/p>\n","protected":false},"excerpt":{"rendered":"<p>Lo spettacolo\u00a0Corteo, scritto e diretto da Daniele Finzi Pasca,\u00a0ha concluso il 2018 a\u00a0Montr\u00e9al, citt\u00e0 in cui aveva esordito nel lontano 2005. Nei prossimi mesi la tourn\u00e9e proseguir\u00e0 negli Stati Uniti per raggiungere poi l\u2019Europa, il prossimo 26 settembre a Torino. Lo spettacolo sar\u00e0 presentato inizialmente in Italia, Germania e Spagna. Tourn\u00e9e nord-americana anche per\u00a0Luzia, diretto da Daniele Finzi Pasca e scritto insieme a Julie Hamelin Finzi: Houston e Orlando le prime tappe del 2019. &nbsp; &nbsp;<\/p>\n","protected":false},"author":27,"featured_media":12791,"comment_status":"closed","ping_status":"open","sticky":false,"template":"","format":"standard","meta":{"_acf_changed":false,"footnotes":""},"categories":[29],"tags":[],"class_list":["post-19471","post","type-post","status-publish","format-standard","has-post-thumbnail","hentry","category-news"],"acf":[],"_links":{"self":[{"href":"https:\/\/finzipasca.com\/it\/wp-json\/wp\/v2\/posts\/19471","targetHints":{"allow":["GET"]}}],"collection":[{"href":"https:\/\/finzipasca.com\/it\/wp-json\/wp\/v2\/posts"}],"about":[{"href":"https:\/\/finzipasca.com\/it\/wp-json\/wp\/v2\/types\/post"}],"author":[{"embeddable":true,"href":"https:\/\/finzipasca.com\/it\/wp-json\/wp\/v2\/users\/27"}],"replies":[{"embeddable":true,"href":"https:\/\/finzipasca.com\/it\/wp-json\/wp\/v2\/comments?post=19471"}],"version-history":[{"count":0,"href":"https:\/\/finzipasca.com\/it\/wp-json\/wp\/v2\/posts\/19471\/revisions"}],"wp:featuredmedia":[{"embeddable":true,"href":"https:\/\/finzipasca.com\/it\/wp-json\/wp\/v2\/media\/12791"}],"wp:attachment":[{"href":"https:\/\/finzipasca.com\/it\/wp-json\/wp\/v2\/media?parent=19471"}],"wp:term":[{"taxonomy":"category","embeddable":true,"href":"https:\/\/finzipasca.com\/it\/wp-json\/wp\/v2\/categories?post=19471"},{"taxonomy":"post_tag","embeddable":true,"href":"https:\/\/finzipasca.com\/it\/wp-json\/wp\/v2\/tags?post=19471"}],"curies":[{"name":"wp","href":"https:\/\/api.w.org\/{rel}","templated":true}]}}