{"id":6596,"date":"2013-04-03T10:51:11","date_gmt":"2013-04-03T08:51:11","guid":{"rendered":"https:\/\/finzipasca.com\/?p=6596"},"modified":"2013-04-24T10:03:06","modified_gmt":"2013-04-24T08:03:06","slug":"corteo-en-tournee-in-brasil","status":"publish","type":"post","link":"https:\/\/finzipasca.com\/fr\/2013\/04\/corteo-en-tournee-in-brasil\/","title":{"rendered":"Corteo en tourn\u00e9e in Brasil"},"content":{"rendered":"<p>En 8 ann\u00e9e de tourn\u00e9e Corteo\u00a0a visit\u00e9 Canada, Etats-Units, \u00a0Japan, Russie,\u00a0Belgique, Autriche, France, Hollande, Suisse et Allemagne\u00a0et il sera au Br\u00e9sil \u00e0 Sao Paulo,\u00a0Brasilia, Belo Horizonte, Curitiba, Rio de Janerio and Porto Alegre de Mars 2013 \u00e0 Mars 2014.<\/p>\n<p>Echos de la presse:<\/p>\n<p><a href=\"http:\/\/www1.folha.uol.com.br\/ilustrada\/1253464-cirque-du-soleil-cria-corteo-producao-mais-intimista-de-seus-quase-30-anos.shtml\" target=\"_blank\">Folha de S. Paulo |\u00a028.03.2013<\/a><\/p>\n<p><a href=\"http:\/\/entretenimento.uol.com.br\/noticias\/redacao\/2013\/03\/28\/partindo-do-funeral-de-um-palhaco-cirque-du-soleil-brinca-com-o-risco-e-ate-faz-rir-em-corteo.htm\" target=\"_blank\">OUL Entretenimento |\u00a028.03.2013<\/a><\/p>\n<p><a href=\"http:\/\/pensarenlouquece.com\/meninos-eu-vi-corteo-novo-espetculo-cirque-du-soleil\/\" target=\"_blank\">Pensar enlouquece\u00a0|\u00a005.04.2013<\/a><\/p>\n<p><a href=\"http:\/\/www.dci.com.br\/shopping-news\/cirque-du-soleil-encanta-publico-com-corteo-id340245.html\" target=\"_blank\">Diario Comercio Industria &amp; Servicos\u00a0|\u00a005.04.2013<\/a><\/p>\n<p><a href=\"http:\/\/revistaepoca.globo.com\/\/cultura\/noticia\/2013\/04\/o-genio-por-tras-de-corteo.html\" target=\"_blank\">\u00c8POCA\u00a0|\u00a019.04.2013<\/a><\/p>\n<p>&nbsp;<\/p>\n","protected":false},"excerpt":{"rendered":"<p>En 8 ann\u00e9e de tourn\u00e9e Corteo\u00a0a visit\u00e9 Canada, Etats-Units, \u00a0Japan, Russie,\u00a0Belgique, Autriche, France, Hollande, Suisse et Allemagne\u00a0et il sera au Br\u00e9sil \u00e0 Sao Paulo,\u00a0Brasilia, Belo Horizonte, Curitiba, Rio de Janerio and Porto Alegre de Mars 2013 \u00e0 Mars 2014. Echos de la presse: Folha de S. Paulo |\u00a028.03.2013 OUL Entretenimento |\u00a028.03.2013 Pensar enlouquece\u00a0|\u00a005.04.2013 Diario Comercio Industria &amp; Servicos\u00a0|\u00a005.04.2013 \u00c8POCA\u00a0|\u00a019.04.2013 &nbsp;<\/p>\n","protected":false},"author":80,"featured_media":0,"comment_status":"open","ping_status":"open","sticky":false,"template":"","format":"standard","meta":{"_acf_changed":false,"footnotes":""},"categories":[31],"tags":[],"class_list":["post-6596","post","type-post","status-publish","format-standard","hentry","category-communiques-de-presse"],"acf":[],"_links":{"self":[{"href":"https:\/\/finzipasca.com\/fr\/wp-json\/wp\/v2\/posts\/6596","targetHints":{"allow":["GET"]}}],"collection":[{"href":"https:\/\/finzipasca.com\/fr\/wp-json\/wp\/v2\/posts"}],"about":[{"href":"https:\/\/finzipasca.com\/fr\/wp-json\/wp\/v2\/types\/post"}],"author":[{"embeddable":true,"href":"https:\/\/finzipasca.com\/fr\/wp-json\/wp\/v2\/users\/80"}],"replies":[{"embeddable":true,"href":"https:\/\/finzipasca.com\/fr\/wp-json\/wp\/v2\/comments?post=6596"}],"version-history":[{"count":0,"href":"https:\/\/finzipasca.com\/fr\/wp-json\/wp\/v2\/posts\/6596\/revisions"}],"wp:attachment":[{"href":"https:\/\/finzipasca.com\/fr\/wp-json\/wp\/v2\/media?parent=6596"}],"wp:term":[{"taxonomy":"category","embeddable":true,"href":"https:\/\/finzipasca.com\/fr\/wp-json\/wp\/v2\/categories?post=6596"},{"taxonomy":"post_tag","embeddable":true,"href":"https:\/\/finzipasca.com\/fr\/wp-json\/wp\/v2\/tags?post=6596"}],"curies":[{"name":"wp","href":"https:\/\/api.w.org\/{rel}","templated":true}]}}